{"id":141,"date":"2024-04-06T22:45:10","date_gmt":"2024-04-06T20:45:10","guid":{"rendered":"https:\/\/fundacjakinematograf.pl\/?p=141"},"modified":"2025-05-12T18:41:55","modified_gmt":"2025-05-12T16:41:55","slug":"kolega-mela-gibsona-spektakl-dostepny-w-rabce-zdroju","status":"publish","type":"post","link":"http:\/\/fundacjakinematograf.pl\/index.php\/2024\/04\/06\/kolega-mela-gibsona-spektakl-dostepny-w-rabce-zdroju\/","title":{"rendered":"&#8222;Kolega Mela Gibsona&#8221; spektakl dost\u0119pny w Rabce-Zdroju"},"content":{"rendered":"\n<p>Zapraszamy na spektakl teatralny pt. KOLEGA MELA GIBSONA, kt\u00f3ry odb\u0119dzie si\u0119 4 maja 2024 o godz. 17.00 w Teatrze Lalek \u201eRabcio\u201d w Rabce-Zdroju (ul Orkana 3c). Komedi\u0119 Teatru Korez w Katowicach zagra dyrektor tej sceny Miros\u0142aw Neinert.<\/p>\n\n\n\n<figure class=\"wp-block-image size-large\"><img loading=\"lazy\" decoding=\"async\" width=\"717\" height=\"1024\" src=\"http:\/\/fundacjakinematograf.pl\/wp-content\/uploads\/2024\/04\/plakat-Gibson_5-717x1024.jpg\" alt=\"Plakat wydarzenia. Na bordowym tle 4 zdj\u0119cia aktora ze sztuki. Wok\u00f3\u0142 informacje o spektaklu, organizatorach i us\u0142ugach dost\u0119pno\u015bci.\" class=\"wp-image-142\" srcset=\"https:\/\/fundacjakinematograf.pl\/wp-content\/uploads\/2024\/04\/plakat-Gibson_5-717x1024.jpg 717w, https:\/\/fundacjakinematograf.pl\/wp-content\/uploads\/2024\/04\/plakat-Gibson_5-210x300.jpg 210w, https:\/\/fundacjakinematograf.pl\/wp-content\/uploads\/2024\/04\/plakat-Gibson_5-768x1097.jpg 768w, https:\/\/fundacjakinematograf.pl\/wp-content\/uploads\/2024\/04\/plakat-Gibson_5-1075x1536.jpg 1075w, https:\/\/fundacjakinematograf.pl\/wp-content\/uploads\/2024\/04\/plakat-Gibson_5-1434x2048.jpg 1434w, https:\/\/fundacjakinematograf.pl\/wp-content\/uploads\/2024\/04\/plakat-Gibson_5-1568x2240.jpg 1568w, https:\/\/fundacjakinematograf.pl\/wp-content\/uploads\/2024\/04\/plakat-Gibson_5-scaled.jpg 1792w\" sizes=\"auto, (max-width: 717px) 100vw, 717px\" \/><\/figure>\n\n\n\n<p>Tek\u015bciarz, satyryk i konferansjer Tomasz Jachimek napisa\u0142 &#8222;Koleg\u0119\u2026&#8221; na pohybel artystom &#8211; aktorom, kt\u00f3rych \u015bmiesznostki bezprzyk\u0142adnie i z rozbrajaj\u0105c\u0105 niefrasobliwo\u015bci\u0105 zdradza szerokiej widowni. Feliks Rzepka, ukazany w niecodziennej dla artysty sytuacji (przes\u0142uchanie na komisariacie)&nbsp; jest egzemplifikacj\u0105 &#8222;wybitnego&#8221; aktora, kt\u00f3ry ze szczyt\u00f3w s\u0142awy i popularno\u015bci za spraw\u0105 jednej decyzji dyrektora teatru stacza si\u0119 na samo dno scenicznego niebytu. W sk\u0142adanych zeznaniach, upajaj\u0105c si\u0119 po\u015bwi\u0119con\u0105 mu uwag\u0105 komisarza, ods\u0142ania kulisy apogeum swojej s\u0142awy, blaski i cienie artystycznego \u017cywota, niedowierzanie wobec prze\u0142omu w jego karierze i chaotyczne posuni\u0119cia, do jakich \u00f3w zawodowy zakr\u0119t go pchn\u0105\u0142.<\/p>\n\n\n\n<p>Miros\u0142aw Neinert, graj\u0105cy Rzepk\u0119, w poczuciu pe\u0142nej bezkarno\u015bci podrwiwa sobie z aktor\u00f3w &#8211; cha\u0142turnik\u00f3w, co za polonijne dolary s\u0105 sk\u0142onni i &#8222;Majteczki w kropeczki&#8221; za\u015bpiewa\u0107 i striptiz zrobi\u0107, obna\u017ca sekrety osobistego \u017cycia artyst\u00f3w i ich rodzin (kt\u00f3re za zas\u0142ugi cierpliwo\u015bci i codziennego m\u0119cze\u0144stwa winny by\u0107 natychmiast kanonizowane); po pi\u00f3rach obrywaj\u0105 te\u017c krytycy &#8211; ci przychylni po spo\u0142u z przychylnymi inaczej; ci\u0119ty j\u0119zyk aktora nie oszcz\u0119dza nawet sponsora przedstawienia&#8230;<\/p>\n\n\n\n<p>Sztuk\u0119 wyre\u017cyserowa\u0142 Waldemar Patlewicz.<\/p>\n\n\n\n<p>D\u017awi\u0119k i \u015bwiat\u0142o realizuje Sergiusz Bro\u017cek.<\/p>\n\n\n\n<p>Oto filmowe zaproszenie z udzia\u0142em  Miros\u0142awa Neinerta i Ani z Kinematografu.<\/p>\n\n\n\n<figure class=\"wp-block-embed is-type-video is-provider-vimeo wp-block-embed-vimeo wp-embed-aspect-16-9 wp-has-aspect-ratio\"><div class=\"wp-block-embed__wrapper\">\n<iframe loading=\"lazy\" title=\"Zaproszenie na spektakl Teatru KOREZ pt. &quot;Kolega Mala Gipsona&quot;\" src=\"https:\/\/player.vimeo.com\/video\/937757251?dnt=1&amp;app_id=122963\" width=\"750\" height=\"422\" frameborder=\"0\" allow=\"autoplay; fullscreen; picture-in-picture; clipboard-write\"><\/iframe>\n<\/div><figcaption class=\"wp-element-caption\">Filmowe zaproszenie, z napisami i PJM<\/figcaption><\/figure>\n\n\n\n<h2 class=\"wp-block-heading\">Dost\u0119pno\u015b\u0107<\/h2>\n\n\n\n<p>Dla os\u00f3b g\u0142uchych b\u0119dzie t\u0142umaczenie na polski j\u0119zyk migowy. Osoby niewidome i s\u0142abowidz\u0105ce b\u0119d\u0105 mog\u0142y skorzysta\u0107 z&nbsp; audiodeskrypcji przez s\u0142uchawki. Budynek teatru jest dost\u0119pny architektonicznie. Parking posiada miejsca z niebiesk\u0105 kopert\u0105. Od parkingu do wej\u015bcia na sal\u0119 widowiskow\u0105 nie ma stopni. Jest tak\u017ce toaleta dla os\u00f3b z niepe\u0142nosprawno\u015bciami.<\/p>\n\n\n\n<p>Dla os\u00f3b, kt\u00f3re maj\u0105 trudno\u015bci w dotarciu na spektakl, na terenie powiatu nowotarskiego, mo\u017cemy zorganizowa\u0107 przew\u00f3z do teatru i z powrotem. Prosimy o zg\u0142oszenie takiej potrzeby do 2 maja.<\/p>\n\n\n\n<p>Osoby z dzie\u0107mi na czas spektaklu mog\u0105 pozostawi\u0107 pociechy pod opiek\u0105 w teatrze, za dodatkow\u0105 op\u0142at\u0105 (10 z\u0142). Prosimy o wcze\u015bniejsze zg\u0142oszenia.<\/p>\n\n\n\n<h2 class=\"wp-block-heading\">Bilety<\/h2>\n\n\n\n<p>50 z\u0142 bilet normalny <\/p>\n\n\n\n<p>25 z\u0142 bilet ulgowy dla OZN i asystenta<\/p>\n\n\n\n<p>Rezerwacja bilet\u00f3w, zg\u0142aszanie potrzeb transportu, opieki nad dzie\u0107mi lub jakiejkolwiek innej kwestii prosz\u0119 kierowa\u0107 na nr tel.\/SMS 609 10 77 88 lub email: a.czapnik@fundacjakinematograf.pl.<\/p>\n\n\n\n<p>Zapraszamy do kontaktu!<\/p>\n\n\n\n<p>Organizator: Fundacja Kinematograf<\/p>\n\n\n\n<p>Wsp\u00f3\u0142praca: Centrum Kultury, Sportu i Promocji w Rabce-Zdroju<\/p>\n\n\n\n<p>Wydarzenie wsp\u00f3\u0142finansowane ze \u015brodk\u00f3w otrzymanych od Gminy Rabka-Zdr\u00f3j<\/p>\n","protected":false},"excerpt":{"rendered":"<p>Zapraszamy na spektakl teatralny pt. KOLEGA MELA GIBSONA, kt\u00f3ry odb\u0119dzie si\u0119 4 maja 2024 o godz. 17.00 w Teatrze Lalek \u201eRabcio\u201d w Rabce-Zdroju (ul Orkana 3c). Komedi\u0119 Teatru Korez w Katowicach zagra dyrektor tej sceny Miros\u0142aw Neinert. Tek\u015bciarz, satyryk i konferansjer Tomasz Jachimek napisa\u0142 &#8222;Koleg\u0119\u2026&#8221; na pohybel artystom &#8211; aktorom, kt\u00f3rych \u015bmiesznostki bezprzyk\u0142adnie i z<a class=\"more-link\" href=\"http:\/\/fundacjakinematograf.pl\/index.php\/2024\/04\/06\/kolega-mela-gibsona-spektakl-dostepny-w-rabce-zdroju\/\">Continue reading <span class=\"screen-reader-text\">&#8222;&#8222;Kolega Mela Gibsona&#8221; spektakl dost\u0119pny w Rabce-Zdroju&#8221;<\/span><\/a><\/p>\n","protected":false},"author":2,"featured_media":0,"comment_status":"closed","ping_status":"open","sticky":false,"template":"","format":"standard","meta":{"activitypub_content_warning":"","activitypub_content_visibility":"","footnotes":""},"categories":[17],"tags":[18,15,19],"class_list":["post-141","post","type-post","status-publish","format-standard","hentry","category-zaproszenia","tag-audiodeskrypcja","tag-dostepnosc-architektoniczna","tag-polski-jezyk-migowy","entry"],"_links":{"self":[{"href":"http:\/\/fundacjakinematograf.pl\/index.php\/wp-json\/wp\/v2\/posts\/141","targetHints":{"allow":["GET"]}}],"collection":[{"href":"http:\/\/fundacjakinematograf.pl\/index.php\/wp-json\/wp\/v2\/posts"}],"about":[{"href":"http:\/\/fundacjakinematograf.pl\/index.php\/wp-json\/wp\/v2\/types\/post"}],"author":[{"embeddable":true,"href":"http:\/\/fundacjakinematograf.pl\/index.php\/wp-json\/wp\/v2\/users\/2"}],"replies":[{"embeddable":true,"href":"http:\/\/fundacjakinematograf.pl\/index.php\/wp-json\/wp\/v2\/comments?post=141"}],"version-history":[{"count":6,"href":"http:\/\/fundacjakinematograf.pl\/index.php\/wp-json\/wp\/v2\/posts\/141\/revisions"}],"predecessor-version":[{"id":150,"href":"http:\/\/fundacjakinematograf.pl\/index.php\/wp-json\/wp\/v2\/posts\/141\/revisions\/150"}],"wp:attachment":[{"href":"http:\/\/fundacjakinematograf.pl\/index.php\/wp-json\/wp\/v2\/media?parent=141"}],"wp:term":[{"taxonomy":"category","embeddable":true,"href":"http:\/\/fundacjakinematograf.pl\/index.php\/wp-json\/wp\/v2\/categories?post=141"},{"taxonomy":"post_tag","embeddable":true,"href":"http:\/\/fundacjakinematograf.pl\/index.php\/wp-json\/wp\/v2\/tags?post=141"}],"curies":[{"name":"wp","href":"https:\/\/api.w.org\/{rel}","templated":true}]}}