{"id":205,"date":"2025-01-29T11:40:05","date_gmt":"2025-01-29T10:40:05","guid":{"rendered":"http:\/\/fundacjakinematograf.pl\/?p=205"},"modified":"2025-01-29T20:48:08","modified_gmt":"2025-01-29T19:48:08","slug":"uslyszec-dotknac-i-zobaczyc-teatr-relacja","status":"publish","type":"post","link":"http:\/\/fundacjakinematograf.pl\/index.php\/2025\/01\/29\/uslyszec-dotknac-i-zobaczyc-teatr-relacja\/","title":{"rendered":"US\u0141YSZE\u0106, DOTKN\u0104\u0106 I ZOBACZY\u0106 TEATR &#8211; relacja"},"content":{"rendered":"\n<p>W dniach 8 i 9 pa\u017adziernika 2024 odby\u0142y si\u0119 wizyty m\u0142odzie\u017cy z dysfunkcj\u0105 wzroku i s\u0142uchu w Teatrze Lalek \u201eRabcio\u201d, w ramach projektu US\u0141YSZE\u0106, DOTKN\u0104\u0106 I ZOBACZY\u0106 TEATR czyli teatr dost\u0119pny.<\/p>\n\n\n\n<p>Projekt zrealizowali\u015bmy w partnerstwie z Zespo\u0142em Szk\u00f3\u0142 i Plac\u00f3wek pn. \u201eCentrum dla Niewidomych i S\u0142abowidz\u0105cych\u201d w Krakowie, Specjalnym O\u015brodkiem Szkolno-Wychowawczym dla Nies\u0142ysz\u0105cych im Janusza Korczaka w Krakowie oraz Teatrem Lalek \u201eRabcio\u201d w Rabce-Zdroju.<\/p>\n\n\n\n<p>Ka\u017cda z grup m\u0142odzie\u017cy odby\u0142a kilkugodzinn\u0105 wizyt\u0119, podczas kt\u00f3rej uczestnicy zwiedzili budynek teatru poznaj\u0105c specyfik\u0119 teatru lalkowego, obejrzeli spektakl \u201eMa\u0142y Ksi\u0105\u017c\u0119\u201d, wzi\u0119li udzia\u0142 w rozmowie z aktorami, a nast\u0119pnie w warsztatach teatralnych.<\/p>\n\n\n\n<p>Spektakle by\u0142y w repertuarze, dost\u0119pne dla ka\u017cdego widza. W\u015br\u00f3d publiczno\u015bci by\u0142y osoby, kt\u00f3re &nbsp;korzysta\u0142y z dost\u0119pno\u015bci i osoby bez takich potrzeb. \u201eMa\u0142y Ksi\u0105\u017c\u0119\u201d 8 pa\u017adziernika by\u0142 dost\u0119pny dla os\u00f3b z dysfunkcj\u0105 wzroku, czyli towarzyszy\u0142a mu audiodeskrypcja czytana na \u017cywo, przez s\u0142uchawki. Korzystali z niej uczniowie Centrum dla Niewidomych i S\u0142abowidz\u0105cych z ul. Tynieckiej w Krakowie, a tak\u017ce uczniowie Specjalnego O\u015brodka Szkolno-Wychowawczego dla Dzieci Niewidomych i S\u0142abowidz\u0105cych im \u015bw. Tereski w Rabce-Zdroju oraz niewidomi mieszka\u0144cy Domu Pomocy Spo\u0142ecznej w Rabce-Zdroju. Spektakl 9 pa\u017adziernika zagrany by\u0142 z t\u0142umaczeniem na polski j\u0119zyk migowy i napisami dla nies\u0142ysz\u0105cych. Opr\u00f3cz uczni\u00f3w z SOSW z ul. Grochowej w Krakowie, do teatru przyjechali tak\u017ce uczniowie ze Szko\u0142y Podstawowej nr 154 z&nbsp; SOSW nr 6. w Krakowie.<\/p>\n\n\n\n<figure class=\"wp-block-embed is-type-video is-provider-vimeo wp-block-embed-vimeo wp-embed-aspect-16-9 wp-has-aspect-ratio\"><div class=\"wp-block-embed__wrapper\">\n<iframe loading=\"lazy\" title=\"Us\u0142ysze\u0107, dotkn\u0105\u0107 i zobaczy\u0107 TEATR\" src=\"https:\/\/player.vimeo.com\/video\/1051559462?dnt=1&amp;app_id=122963\" width=\"750\" height=\"422\" frameborder=\"0\" allow=\"autoplay; fullscreen; picture-in-picture; clipboard-write; encrypted-media\"><\/iframe>\n<\/div><\/figure>\n\n\n\n<p><\/p>\n\n\n\n<p>Dofinansowano ze \u015brodk\u00f3w Ministra Kultury i Dziedzictwa Narodowego pochodz\u0105cych z Funduszu Promocji Kultury \u2013 pa\u0144stwowego funduszu celowego.<\/p>\n","protected":false},"excerpt":{"rendered":"<p>W dniach 8 i 9 pa\u017adziernika 2024 odby\u0142y si\u0119 wizyty m\u0142odzie\u017cy z dysfunkcj\u0105 wzroku i s\u0142uchu w Teatrze Lalek \u201eRabcio\u201d, w ramach projektu US\u0141YSZE\u0106, DOTKN\u0104\u0106 I ZOBACZY\u0106 TEATR czyli teatr dost\u0119pny. Projekt zrealizowali\u015bmy w partnerstwie z Zespo\u0142em Szk\u00f3\u0142 i Plac\u00f3wek pn. \u201eCentrum dla Niewidomych i S\u0142abowidz\u0105cych\u201d w Krakowie, Specjalnym O\u015brodkiem Szkolno-Wychowawczym dla Nies\u0142ysz\u0105cych im Janusza<a class=\"more-link\" href=\"http:\/\/fundacjakinematograf.pl\/index.php\/2025\/01\/29\/uslyszec-dotknac-i-zobaczyc-teatr-relacja\/\">Continue reading <span class=\"screen-reader-text\">&#8222;US\u0141YSZE\u0106, DOTKN\u0104\u0106 I ZOBACZY\u0106 TEATR &#8211; relacja&#8221;<\/span><\/a><\/p>\n","protected":false},"author":2,"featured_media":0,"comment_status":"closed","ping_status":"open","sticky":false,"template":"","format":"standard","meta":{"activitypub_content_warning":"","activitypub_content_visibility":"","footnotes":""},"categories":[12,22],"tags":[],"class_list":["post-205","post","type-post","status-publish","format-standard","hentry","category-filmy","category-relacje","entry"],"_links":{"self":[{"href":"http:\/\/fundacjakinematograf.pl\/index.php\/wp-json\/wp\/v2\/posts\/205","targetHints":{"allow":["GET"]}}],"collection":[{"href":"http:\/\/fundacjakinematograf.pl\/index.php\/wp-json\/wp\/v2\/posts"}],"about":[{"href":"http:\/\/fundacjakinematograf.pl\/index.php\/wp-json\/wp\/v2\/types\/post"}],"author":[{"embeddable":true,"href":"http:\/\/fundacjakinematograf.pl\/index.php\/wp-json\/wp\/v2\/users\/2"}],"replies":[{"embeddable":true,"href":"http:\/\/fundacjakinematograf.pl\/index.php\/wp-json\/wp\/v2\/comments?post=205"}],"version-history":[{"count":3,"href":"http:\/\/fundacjakinematograf.pl\/index.php\/wp-json\/wp\/v2\/posts\/205\/revisions"}],"predecessor-version":[{"id":208,"href":"http:\/\/fundacjakinematograf.pl\/index.php\/wp-json\/wp\/v2\/posts\/205\/revisions\/208"}],"wp:attachment":[{"href":"http:\/\/fundacjakinematograf.pl\/index.php\/wp-json\/wp\/v2\/media?parent=205"}],"wp:term":[{"taxonomy":"category","embeddable":true,"href":"http:\/\/fundacjakinematograf.pl\/index.php\/wp-json\/wp\/v2\/categories?post=205"},{"taxonomy":"post_tag","embeddable":true,"href":"http:\/\/fundacjakinematograf.pl\/index.php\/wp-json\/wp\/v2\/tags?post=205"}],"curies":[{"name":"wp","href":"https:\/\/api.w.org\/{rel}","templated":true}]}}