{"id":103,"date":"2023-10-19T18:52:16","date_gmt":"2023-10-19T16:52:16","guid":{"rendered":"http:\/\/fundacjakinematograf.pl\/?p=103"},"modified":"2025-05-12T18:44:48","modified_gmt":"2025-05-12T16:44:48","slug":"zobaczyc-muzyke-dostepny-koncert-kapeli-hanki-wojciak","status":"publish","type":"post","link":"https:\/\/fundacjakinematograf.pl\/index.php\/2023\/10\/19\/zobaczyc-muzyke-dostepny-koncert-kapeli-hanki-wojciak\/","title":{"rendered":"ZOBACZY\u0106 MUZYK\u0118 &#8211; dost\u0119pny koncert Kapeli Hanki W\u00f3jciak"},"content":{"rendered":"\n<p>Serdecznie zapraszamy na koncert Kapeli Hanki W\u00f3jciak ZOBACZY\u0106 MUZYK\u0118, kt\u00f3ry odb\u0119dzie si\u0119 19 listopada 2023r. o godz. 17.00 w Teatrze Lalek \u201eRabcio\u201d w Rabce-Zdroju (ul Orkana 3c). B\u0119dzie to szczeg\u00f3lne wydarzenie \u2013 koncert dost\u0119pny, czyli uwzgl\u0119dniaj\u0105cy r\u00f3\u017cne mo\u017cliwo\u015bci uczestniczenia w takim wydarzeniu.<\/p>\n\n\n\n<figure class=\"wp-block-image size-large\"><img loading=\"lazy\" decoding=\"async\" width=\"717\" height=\"1024\" src=\"http:\/\/fundacjakinematograf.pl\/wp-content\/uploads\/2023\/10\/plakat_HANKA_proj-6-717x1024.jpg\" alt=\"Na r\u00f3\u017cowym tle roze\u015bmiana Hanka W\u00f3jciak, w czerwonej koronkowej sukience. Na g\u0142owie i ramionach ma sznurki z kolorowymi pi\u00f3rkami. Stoi boso w niebieskich rajstopach, ze skrzy\u017cowanymi nogami. Obok informacje o koncercie, piktogramy us\u0142ug dost\u0119pno\u015bci i logotypy organizator\u00f3w: Fundacja Kinematograf, Centrum Kultury, Sportu i Promocji w Rabce-Zdroju, Radio Krak\u00f3w - patronat medialny, Wojew\u00f3dztwo Ma\u0142opolskie - wsp\u00f3\u0142finansowanie.\" class=\"wp-image-104\" srcset=\"https:\/\/fundacjakinematograf.pl\/wp-content\/uploads\/2023\/10\/plakat_HANKA_proj-6-717x1024.jpg 717w, https:\/\/fundacjakinematograf.pl\/wp-content\/uploads\/2023\/10\/plakat_HANKA_proj-6-210x300.jpg 210w, https:\/\/fundacjakinematograf.pl\/wp-content\/uploads\/2023\/10\/plakat_HANKA_proj-6-768x1097.jpg 768w, https:\/\/fundacjakinematograf.pl\/wp-content\/uploads\/2023\/10\/plakat_HANKA_proj-6-1075x1536.jpg 1075w, https:\/\/fundacjakinematograf.pl\/wp-content\/uploads\/2023\/10\/plakat_HANKA_proj-6.jpg 1400w\" sizes=\"auto, (max-width: 717px) 100vw, 717px\" \/><figcaption class=\"wp-element-caption\">Plakat koncertu<\/figcaption><\/figure>\n\n\n\n<p>KAPELA<strong> <\/strong>Hanki W\u00f3jciak to polski zesp\u00f3\u0142 trip-folkowy. Tworzy i gra muzyk\u0119&nbsp;z pogranicza ethno, world music i piosenki autorskiej. Zosta\u0142 za\u0142o\u017cony w Krakowie, w 2010 roku przez Hank\u0119 W\u00f3jciak&nbsp;\u2013&nbsp;&nbsp;g\u00f3ralk\u0119 z Zakopanego, wokalistk\u0119 i pie\u015bniark\u0119, wsp\u00f3\u0142autork\u0119 muzyki oraz autork\u0119 tekst\u00f3w. Hanka W\u00f3jciak jest laureatk\u0105 m.in. Festiwalu Pami\u0119tajmy o Osieckiej, Studenckiego Festiwalu Piosenki, Festiwalu Tw\u00f3rczo\u015bci Korow\u00f3d oraz Rock &amp; Chanson Festival.&nbsp; Jest tak\u017ce aktork\u0105 i dziennikark\u0105.&nbsp; W Radiu Krak\u00f3w prowadzi autorsk\u0105 audycj\u0119&nbsp;muzyczn\u0105 \u201eDobry wiecz\u00f3r u Hanki W\u00f3jciak\u201d. W&nbsp;kompozycjach KAPELI s\u0142ycha\u0107 polskie motywy ludowe, po\u0142amane rytmy, bia\u0142y \u015bpiew oraz wokalne improwizacje w&nbsp;rejestrze gwizdkowym. To&nbsp;muzyka bliska ziemi, dynamiczna, pulsuj\u0105ca i taneczna, chwilami nawet trip\u2019owa. Teksty Hanki opisuj\u0105 wsp\u00f3\u0142czesny \u015bwiat, ale&nbsp;zawarte w&nbsp;nich archaizmy oraz&nbsp;s\u0142owa zaczerpni\u0119te z&nbsp;g\u00f3ralskiej gwary dodaj\u0105 jej piosenkom ludyczno\u015bci i ba\u015bniowo\u015bci. KAPELA Hanki W\u00f3jciak wyda\u0142a trzy p\u0142yty: \u201eZnachorka\u201d&nbsp;(2014), \u201eZas\u0142ona\u201d&nbsp;(2017) oraz \u201eKAPELA Hanki W\u00f3jciak i PRZYJACIELE \u015apiewnego \u015awiata Live (2023). W 2022 roku Hanka W\u00f3jciak zosta\u0142a uhonorowana nagrod\u0105 Miasta Zakopane \u201eSi\u0142a korzeni\u201d &#8211; przyznawan\u0105 za osi\u0105gni\u0119cia w szerzeniu kultury i szczeg\u00f3ln\u0105 dba\u0142o\u015b\u0107 o materialne oraz niematerialne dziedzictwo kulturowe regionu tatrza\u0144skiego, przekazywane kolejnym pokoleniom.<\/p>\n\n\n\n<p>Koncert w naszym zamy\u015ble b\u0119dzie wydarze<sup data-fn=\"08cc69a6-b07d-4a34-b637-29813a192523\" class=\"fn\"><a href=\"#08cc69a6-b07d-4a34-b637-29813a192523\" id=\"08cc69a6-b07d-4a34-b637-29813a192523-link\">1<\/a><\/sup>niem dla wszystkich. Mamy nadziej\u0119, \u017ce stanie si\u0119 wsp\u00f3ln\u0105 przestrzeni\u0105 prze\u017cycia os\u00f3b, kt\u00f3re jednoczy pragnienie uczestniczenia w \u017cyciu kulturalnym. B\u0119dzie okazj\u0105 do poznania r\u00f3\u017cnorodno\u015bci sposob\u00f3w odbioru muzyki i p\u0142yn\u0105cego st\u0105d bogactwa form przekazu. Chcemy by koncert sta\u0142 si\u0119 zach\u0119t\u0105 do dyskusji ze stereotypami.<\/p>\n\n\n\n<p>Zobaczy\u0107 muzyk\u0119 &#8211; zobaczy\u0107 koncert mo\u017cna na wiele sposob\u00f3w. Osoby niewidome lub s\u0142abowidz\u0105ce b\u0119d\u0105 mog\u0142y zobaczy\u0107 dzi\u0119ki audiodeskrypcji. Lektorka na \u017cywo opowie o tym, w co ubrani s\u0105 arty\u015bci i co dzieje si\u0119 na scenie. Us\u0142ysz\u0105 to tylko ci, kt\u00f3rzy b\u0119d\u0105 korzysta\u0107 z tego dostosowania \u2013 przez s\u0142uchawki.<\/p>\n\n\n\n<p>Zobaczy\u0107 muzyk\u0119 b\u0119d\u0105 mogli g\u0142usi. Koncert b\u0119dzie wykonany w dw\u00f3ch j\u0119zykach polskich: w j\u0119zyku polskim fonicznym \u2013 \u015bpiewany oraz w polskim j\u0119zyku migowym &#8211;&nbsp; interpretowany przez t\u0142umaczy s\u0142ysz\u0105cych i g\u0142uchych.<\/p>\n\n\n\n<p>Ponad to wy\u015bwietlane b\u0119d\u0105 napisy z tekstami piosenek i opisem charakteru muzyki (czyli napisy dla nies\u0142ysz\u0105cych). Z do\u015bwiadczenia wiemy, \u017ce napisy stanowi\u0105 wsparcie nie tylko dla os\u00f3b nies\u0142ysz\u0105cych lub s\u0142abos\u0142ysz\u0105cych, ale i dla widz\u00f3w, kt\u00f3rzy lepiej odbieraj\u0105 tre\u015b\u0107 w formie tekstu. Z napis\u00f3w korzystaj\u0105 cz\u0119sto osoby niedos\u0142ysz\u0105ce np. z powodu wieku.<\/p>\n\n\n\n<p>Na koncert b\u0119d\u0105 mogli przyby\u0107 tak\u017ce widzowie z trudno\u015bciami w poruszaniu si\u0119, poniewa\u017c budynek Teatru Lalek \u201eRabcio\u201d jest dost\u0119pny architektonicznie. Przed budynkiem jest parking, droga na widowni\u0119 jest szeroka i bez stopni, jest tak\u017ce dostosowana toaleta. Nasi wolontariusze b\u0119d\u0105 podczas tego wydarzenia pomaga\u0107 w zaj\u0119ciu odpowiednich miejsc, udziel\u0105 informacji i b\u0119d\u0105 s\u0142u\u017cy\u0107 pomoc\u0105 winnych potrzebach uczestnik\u00f3w.<\/p>\n\n\n\n<p>Osobom, kt\u00f3re maj\u0105 trudno\u015bci w dotarciu na koncert i powrocie do domu (na terenie powiatu nowotarskiego), mo\u017cemy zapewni\u0107 transport, po zg\u0142oszeniu takiej potrzeby do 18 listopada do godziny 15.00.<\/p>\n\n\n\n<p>Przy okazji koncertu b\u0119dzie mo\u017cna kupi\u0107 wszystkie p\u0142yty zespo\u0142u:<\/p>\n\n\n\n<p>ZNACHORKA &#8211; 40 z\u0142<\/p>\n\n\n\n<p>ZAS\u0141ONA &#8211; 40 z\u0142<\/p>\n\n\n\n<p>KAPELA Hanki W\u00f3jciak i PRZYJACIELE \u015apiewnego \u015awiata. Kolekcjonerski dwup\u0142ytowy album, dopiero co wydany. Dost\u0119pny tylko na koncertach- 135 z\u0142<\/p>\n\n\n\n<p><a><\/a>P\u0142atno\u015b\u0107 got\u00f3wk\u0105 albo blikiem.<\/p>\n\n\n\n<h2 class=\"wp-block-heading\">Bilety:<\/h2>\n\n\n\n<p>cena regularna 50 z\u0142<br>cena ulgowa 15 z\u0142 \u2013 osoby z niepe\u0142nosprawno\u015bciami.<\/p>\n\n\n\n<p>Rezerwacje, informacje, zg\u0142oszenie potrzeb transportu lub innych potrzeb: tel.\/SMS <strong>609 10 77 88<\/strong> lub e-mail <strong>a.czapnik@fundacjakinematograf.pl<\/strong><\/p>\n\n\n\n<p>Projekt zrealizowano przy wsparciu finansowym Wojew\u00f3dztwa Ma\u0142opolskiego<\/p>\n\n\n\n<p>Patronat medialny Radio Krak\u00f3w<\/p>\n\n\n\n<p><\/p>\n","protected":false},"excerpt":{"rendered":"<p>Serdecznie zapraszamy na koncert Kapeli Hanki W\u00f3jciak ZOBACZY\u0106 MUZYK\u0118, kt\u00f3ry odb\u0119dzie si\u0119 19 listopada 2023r. o godz. 17.00 w Teatrze Lalek \u201eRabcio\u201d w Rabce-Zdroju (ul Orkana 3c). B\u0119dzie to szczeg\u00f3lne wydarzenie \u2013 koncert dost\u0119pny, czyli uwzgl\u0119dniaj\u0105cy r\u00f3\u017cne mo\u017cliwo\u015bci uczestniczenia w takim wydarzeniu. KAPELA Hanki W\u00f3jciak to polski zesp\u00f3\u0142 trip-folkowy. Tworzy i gra muzyk\u0119&nbsp;z pogranicza ethno,<a class=\"more-link\" href=\"https:\/\/fundacjakinematograf.pl\/index.php\/2023\/10\/19\/zobaczyc-muzyke-dostepny-koncert-kapeli-hanki-wojciak\/\">Continue reading <span class=\"screen-reader-text\">&#8222;ZOBACZY\u0106 MUZYK\u0118 &#8211; dost\u0119pny koncert Kapeli Hanki W\u00f3jciak&#8221;<\/span><\/a><\/p>\n","protected":false},"author":2,"featured_media":0,"comment_status":"closed","ping_status":"open","sticky":false,"template":"","format":"standard","meta":{"activitypub_content_warning":"","activitypub_content_visibility":"","footnotes":"[{\"id\":\"08cc69a6-b07d-4a34-b637-29813a192523\",\"content\":\"\"}]"},"categories":[17],"tags":[18,15,21,20,19],"class_list":["post-103","post","type-post","status-publish","format-standard","hentry","category-zaproszenia","tag-audiodeskrypcja","tag-dostepnosc-architektoniczna","tag-dostepny-koncert","tag-napisy-dla-nieslyszacych","tag-polski-jezyk-migowy","entry"],"_links":{"self":[{"href":"https:\/\/fundacjakinematograf.pl\/index.php\/wp-json\/wp\/v2\/posts\/103","targetHints":{"allow":["GET"]}}],"collection":[{"href":"https:\/\/fundacjakinematograf.pl\/index.php\/wp-json\/wp\/v2\/posts"}],"about":[{"href":"https:\/\/fundacjakinematograf.pl\/index.php\/wp-json\/wp\/v2\/types\/post"}],"author":[{"embeddable":true,"href":"https:\/\/fundacjakinematograf.pl\/index.php\/wp-json\/wp\/v2\/users\/2"}],"replies":[{"embeddable":true,"href":"https:\/\/fundacjakinematograf.pl\/index.php\/wp-json\/wp\/v2\/comments?post=103"}],"version-history":[{"count":7,"href":"https:\/\/fundacjakinematograf.pl\/index.php\/wp-json\/wp\/v2\/posts\/103\/revisions"}],"predecessor-version":[{"id":116,"href":"https:\/\/fundacjakinematograf.pl\/index.php\/wp-json\/wp\/v2\/posts\/103\/revisions\/116"}],"wp:attachment":[{"href":"https:\/\/fundacjakinematograf.pl\/index.php\/wp-json\/wp\/v2\/media?parent=103"}],"wp:term":[{"taxonomy":"category","embeddable":true,"href":"https:\/\/fundacjakinematograf.pl\/index.php\/wp-json\/wp\/v2\/categories?post=103"},{"taxonomy":"post_tag","embeddable":true,"href":"https:\/\/fundacjakinematograf.pl\/index.php\/wp-json\/wp\/v2\/tags?post=103"}],"curies":[{"name":"wp","href":"https:\/\/api.w.org\/{rel}","templated":true}]}}