{"id":275,"date":"2025-10-03T22:38:01","date_gmt":"2025-10-03T20:38:01","guid":{"rendered":"https:\/\/fundacjakinematograf.pl\/?p=275"},"modified":"2025-10-03T22:44:12","modified_gmt":"2025-10-03T20:44:12","slug":"wystawa-potega-wizerunku-w-100-lecie-kanonizacji-sw-teresy","status":"publish","type":"post","link":"https:\/\/fundacjakinematograf.pl\/index.php\/2025\/10\/03\/wystawa-potega-wizerunku-w-100-lecie-kanonizacji-sw-teresy\/","title":{"rendered":"Wystawa POT\u0118GA WIZERUNKU &#8211; w 100-lecie kanonizacji \u015bw. Teresy"},"content":{"rendered":"\n<blockquote class=\"wp-block-quote is-layout-flow wp-block-quote-is-layout-flow\">\n<p><\/p>\n<\/blockquote>\n\n\n\n<blockquote class=\"wp-block-quote is-layout-flow wp-block-quote-is-layout-flow\">\n<p>Gdyby \u015bwi\u0119ci powr\u00f3cili i podzielili si\u0119 swoimi wra\u017ceniami, byliby\u015bmy mocno zaskoczeni&#8230; Z pewno\u015bci\u0105 przyznaliby cz\u0119sto, \u017ce nie poznaj\u0105 si\u0119 w szkicowanych portretach<\/p>\n<\/blockquote>\n\n\n\n<p>Teresa z Lisieux, cytowana przez siostr\u0119 Genowef\u0119, Conseils et souvenirs, 1952<\/p>\n\n\n\n<figure class=\"wp-block-image size-large\"><img loading=\"lazy\" decoding=\"async\" width=\"731\" height=\"1024\" src=\"https:\/\/fundacjakinematograf.pl\/wp-content\/uploads\/2025\/10\/plakat-@-sw-Teresa-731x1024.jpg\" alt=\"Plakat wystawy. Dwa oblicza \u015bw Teresy od Dzieci\u0105tka Jezus - po lewej obrazek zjawiskowo pi\u0119knej kobiety w karmelita\u0144skim habicie z krzy\u017cem i r\u00f3\u017cami. Po prawej  fotografia m\u0142odej zakonnicy o okr\u0105g\u0142ej twarzy, Poni\u017cej informacje o wystawie.. Ca\u0142o\u015b\u0107 w odcieniach br\u0105zu i sepi.\" class=\"wp-image-276\" srcset=\"https:\/\/fundacjakinematograf.pl\/wp-content\/uploads\/2025\/10\/plakat-@-sw-Teresa-731x1024.jpg 731w, https:\/\/fundacjakinematograf.pl\/wp-content\/uploads\/2025\/10\/plakat-@-sw-Teresa-214x300.jpg 214w, https:\/\/fundacjakinematograf.pl\/wp-content\/uploads\/2025\/10\/plakat-@-sw-Teresa-768x1075.jpg 768w, https:\/\/fundacjakinematograf.pl\/wp-content\/uploads\/2025\/10\/plakat-@-sw-Teresa-1097x1536.jpg 1097w, https:\/\/fundacjakinematograf.pl\/wp-content\/uploads\/2025\/10\/plakat-@-sw-Teresa-1463x2048.jpg 1463w, https:\/\/fundacjakinematograf.pl\/wp-content\/uploads\/2025\/10\/plakat-@-sw-Teresa-1568x2195.jpg 1568w, https:\/\/fundacjakinematograf.pl\/wp-content\/uploads\/2025\/10\/plakat-@-sw-Teresa.jpg 1600w\" sizes=\"auto, (max-width: 731px) 100vw, 731px\" \/><\/figure>\n\n\n\n<p>Wystawa po\u015bwi\u0119cona jest pocz\u0105tkom kultu \u015bwi\u0119tej z r\u00f3\u017cami, kt\u00f3ry w postaci wizerunk\u00f3w rozwin\u0105\u0142 si\u0119 na niespotykan\u0105 skal\u0119. . Wi\u0119kszo\u015b\u0107 ekspozycji pochodzi z wystawy prezentowanej w 2023 r. w Muzeum im. ks. dr. W\u0142adys\u0142awa \u0141\u0119gi w Grudzi\u0105dzu. Wystawa \u201ePot\u0119ga wizerunku. Fenomen kultu Teresy z Lisieux\u201d by\u0142a pierwsz\u0105 w Polsce pr\u00f3b\u0105 przyjrzenia si\u0119 zjawiskom zwi\u0105zanym z kultem \u015bwi\u0119tej \u2013 od pocz\u0105tk\u00f3w formowania si\u0119 oficjalnej ikonografii, przez pr\u00f3by idealizacji terezja\u0144skiego imaginarium, a\u017c po prace artyst\u00f3w odwo\u0142uj\u0105cych si\u0119 do estetyki kampu. Na wystawie zaprezentowane zostan\u0105 artefakty zwi\u0105zane z dzia\u0142alno\u015bci\u0105 artystyczn\u0105 Karmelu w Lisieux, kt\u00f3rego dzia\u0142ania prowadzi\u0107 mia\u0142y do ukonstytuowania si\u0119 jedynego i kanonicznego wizerunku \u015bwi\u0119tej, przyczyniaj\u0105c si\u0119 do spopularyzowania na niespotykan\u0105 dotychczas skal\u0119 postaci \u201ema\u0142ej \u015bwi\u0119tej z r\u00f3\u017cami\u201d.<\/p>\n\n\n\n<figure class=\"wp-block-image size-large\"><img loading=\"lazy\" decoding=\"async\" width=\"1024\" height=\"683\" src=\"https:\/\/fundacjakinematograf.pl\/wp-content\/uploads\/2025\/10\/DSC_3138-1024x683.jpg\" alt=\"Sala wystawy, na \u015bcianach wisz\u0105 plansze z opisami, na kubikach stoj\u0105 figury \u015bw. Teresy, w k\u0105tach sztalugi z obrazami \u015bwi\u0119tej. \" class=\"wp-image-278\" srcset=\"https:\/\/fundacjakinematograf.pl\/wp-content\/uploads\/2025\/10\/DSC_3138-1024x683.jpg 1024w, https:\/\/fundacjakinematograf.pl\/wp-content\/uploads\/2025\/10\/DSC_3138-300x200.jpg 300w, https:\/\/fundacjakinematograf.pl\/wp-content\/uploads\/2025\/10\/DSC_3138-768x512.jpg 768w, https:\/\/fundacjakinematograf.pl\/wp-content\/uploads\/2025\/10\/DSC_3138-1536x1024.jpg 1536w, https:\/\/fundacjakinematograf.pl\/wp-content\/uploads\/2025\/10\/DSC_3138-2048x1365.jpg 2048w, https:\/\/fundacjakinematograf.pl\/wp-content\/uploads\/2025\/10\/DSC_3138-1568x1045.jpg 1568w\" sizes=\"auto, (max-width: 1024px) 100vw, 1024px\" \/><\/figure>\n\n\n\n<p>Rabcza\u0144ska wystawa b\u0119dzie poszerzona o w\u0105tki pocz\u0105tk\u00f3w kultu \u015bw. Teresy, obecnego w Rabce ju\u017c od lat 20. XX w, takie jak powstanie kaplicy \u015bw. Teresy oraz jej kult w przedwojennym \u017ce\u0144skim gimnazjum sanatoryjnym w Rabce. W 1927 roku w Rabce rozpocz\u0119to budow\u0119 pierwszej w Polsce kaplicy pw. \u015bw. Teresy od Dzieci\u0105tka Jezus \u2013 zaledwie dwa lata po jej kanonizacji. R\u00f3wnie\u017c powsta\u0142e w tym samym czasie \u017ce\u0144skie gimnazjum sanatoryjne obra\u0142o \u015bw. Teres\u0119 za swoj\u0105 patronk\u0119. Jego siedziba, willa z lat 30. XX w., do dzi\u015b nosi nazw\u0119 \u201eTereska\u201d i mimo p\u00f3\u017aniejszych wichr\u00f3w historii, nadal skrywa \u015blady kultu swej imienniczki z Lisieux. Co ciekawe te dwa ogniska kultu rozwija\u0142y si\u0119 niezale\u017cnie od siebie\u2026<\/p>\n\n\n\n<figure class=\"wp-block-image size-large\"><img loading=\"lazy\" decoding=\"async\" width=\"683\" height=\"1024\" src=\"https:\/\/fundacjakinematograf.pl\/wp-content\/uploads\/2025\/10\/DSC_3164-683x1024.jpg\" alt=\"Obraz \u015bwi\u0119tej Teresy z r\u00f3\u017cami.\" class=\"wp-image-279\" srcset=\"https:\/\/fundacjakinematograf.pl\/wp-content\/uploads\/2025\/10\/DSC_3164-683x1024.jpg 683w, https:\/\/fundacjakinematograf.pl\/wp-content\/uploads\/2025\/10\/DSC_3164-200x300.jpg 200w, https:\/\/fundacjakinematograf.pl\/wp-content\/uploads\/2025\/10\/DSC_3164-768x1152.jpg 768w, https:\/\/fundacjakinematograf.pl\/wp-content\/uploads\/2025\/10\/DSC_3164-1024x1536.jpg 1024w, https:\/\/fundacjakinematograf.pl\/wp-content\/uploads\/2025\/10\/DSC_3164-1365x2048.jpg 1365w, https:\/\/fundacjakinematograf.pl\/wp-content\/uploads\/2025\/10\/DSC_3164-1568x2352.jpg 1568w, https:\/\/fundacjakinematograf.pl\/wp-content\/uploads\/2025\/10\/DSC_3164-scaled.jpg 1707w\" sizes=\"auto, (max-width: 683px) 100vw, 683px\" \/><\/figure>\n\n\n\n<h2 class=\"wp-block-heading\">Informacje:<\/h2>\n\n\n\n<p>Miejsce: Galeria Pod Anio\u0142em Rabka-Zdr\u00f3j ul. Parkowa 5<\/p>\n\n\n\n<p>Czas trwania: 24 wrze\u015bnia do 1 pa\u017adziernika 2025<\/p>\n\n\n\n<p>Godziny zwiedzania:<\/p>\n\n\n\n<p>poniedzia\u0142ek 8.00 \u2013 17.00<\/p>\n\n\n\n<p>wtorek &#8211; czwartek 8.00 \u2013 16.00<\/p>\n\n\n\n<p>pi\u0105tek 8.00 \u2013 15.00<\/p>\n\n\n\n<p>sobota &#8211; niedziela 12.00 \u2013 15.00<\/p>\n\n\n\n<p>Otwarcie wystawy:23 wrze\u015bnia godz. 17.00&nbsp;<\/p>\n\n\n\n<p>Oprowadzanie kuratorskie z \u0141ukaszem&nbsp; Ciemi\u0144ski: 28 wrze\u015bnia godz. 13.00<\/p>\n\n\n\n<figure class=\"wp-block-image size-large\"><img loading=\"lazy\" decoding=\"async\" width=\"1024\" height=\"683\" src=\"https:\/\/fundacjakinematograf.pl\/wp-content\/uploads\/2025\/10\/DSC_3111-1024x683.jpg\" alt=\"Wej\u015bcie na wystaw\u0119. W otwartych drzwiach stoi pergola z r\u00f3\u017cami. Przed drzwiami ustawione plakaty - wystawy i logotyp Fundacji Kinematograf. We wn\u0119trzu widoczna figura \u015bwi\u0119tej.\" class=\"wp-image-281\" srcset=\"https:\/\/fundacjakinematograf.pl\/wp-content\/uploads\/2025\/10\/DSC_3111-1024x683.jpg 1024w, https:\/\/fundacjakinematograf.pl\/wp-content\/uploads\/2025\/10\/DSC_3111-300x200.jpg 300w, https:\/\/fundacjakinematograf.pl\/wp-content\/uploads\/2025\/10\/DSC_3111-768x512.jpg 768w, https:\/\/fundacjakinematograf.pl\/wp-content\/uploads\/2025\/10\/DSC_3111-1536x1024.jpg 1536w, https:\/\/fundacjakinematograf.pl\/wp-content\/uploads\/2025\/10\/DSC_3111-2048x1365.jpg 2048w, https:\/\/fundacjakinematograf.pl\/wp-content\/uploads\/2025\/10\/DSC_3111-1568x1045.jpg 1568w\" sizes=\"auto, (max-width: 1024px) 100vw, 1024px\" \/><\/figure>\n\n\n\n<blockquote class=\"wp-block-quote is-layout-flow wp-block-quote-is-layout-flow\">\n<p>Projekt zrealizowano przy wsparciu finansowym Wojew\u00f3dztwa Ma\u0142opolskiego<\/p>\n<\/blockquote>\n\n\n\n<p><\/p>\n","protected":false},"excerpt":{"rendered":"<p>Gdyby \u015bwi\u0119ci powr\u00f3cili i podzielili si\u0119 swoimi wra\u017ceniami, byliby\u015bmy mocno zaskoczeni&#8230; Z pewno\u015bci\u0105 przyznaliby cz\u0119sto, \u017ce nie poznaj\u0105 si\u0119 w szkicowanych portretach Teresa z Lisieux, cytowana przez siostr\u0119 Genowef\u0119, Conseils et souvenirs, 1952 Wystawa po\u015bwi\u0119cona jest pocz\u0105tkom kultu \u015bwi\u0119tej z r\u00f3\u017cami, kt\u00f3ry w postaci wizerunk\u00f3w rozwin\u0105\u0142 si\u0119 na niespotykan\u0105 skal\u0119. . Wi\u0119kszo\u015b\u0107 ekspozycji pochodzi z<a class=\"more-link\" href=\"https:\/\/fundacjakinematograf.pl\/index.php\/2025\/10\/03\/wystawa-potega-wizerunku-w-100-lecie-kanonizacji-sw-teresy\/\">Continue reading <span class=\"screen-reader-text\">&#8222;Wystawa POT\u0118GA WIZERUNKU &#8211; w 100-lecie kanonizacji \u015bw. Teresy&#8221;<\/span><\/a><\/p>\n","protected":false},"author":2,"featured_media":0,"comment_status":"closed","ping_status":"open","sticky":false,"template":"","format":"standard","meta":{"activitypub_content_warning":"","activitypub_content_visibility":"","footnotes":""},"categories":[1],"tags":[],"class_list":["post-275","post","type-post","status-publish","format-standard","hentry","category-bez-kategorii","entry"],"_links":{"self":[{"href":"https:\/\/fundacjakinematograf.pl\/index.php\/wp-json\/wp\/v2\/posts\/275","targetHints":{"allow":["GET"]}}],"collection":[{"href":"https:\/\/fundacjakinematograf.pl\/index.php\/wp-json\/wp\/v2\/posts"}],"about":[{"href":"https:\/\/fundacjakinematograf.pl\/index.php\/wp-json\/wp\/v2\/types\/post"}],"author":[{"embeddable":true,"href":"https:\/\/fundacjakinematograf.pl\/index.php\/wp-json\/wp\/v2\/users\/2"}],"replies":[{"embeddable":true,"href":"https:\/\/fundacjakinematograf.pl\/index.php\/wp-json\/wp\/v2\/comments?post=275"}],"version-history":[{"count":3,"href":"https:\/\/fundacjakinematograf.pl\/index.php\/wp-json\/wp\/v2\/posts\/275\/revisions"}],"predecessor-version":[{"id":287,"href":"https:\/\/fundacjakinematograf.pl\/index.php\/wp-json\/wp\/v2\/posts\/275\/revisions\/287"}],"wp:attachment":[{"href":"https:\/\/fundacjakinematograf.pl\/index.php\/wp-json\/wp\/v2\/media?parent=275"}],"wp:term":[{"taxonomy":"category","embeddable":true,"href":"https:\/\/fundacjakinematograf.pl\/index.php\/wp-json\/wp\/v2\/categories?post=275"},{"taxonomy":"post_tag","embeddable":true,"href":"https:\/\/fundacjakinematograf.pl\/index.php\/wp-json\/wp\/v2\/tags?post=275"}],"curies":[{"name":"wp","href":"https:\/\/api.w.org\/{rel}","templated":true}]}}