{"id":319,"date":"2026-09-04T21:54:58","date_gmt":"2026-09-04T19:54:58","guid":{"rendered":"https:\/\/fundacjakinematograf.pl\/?p=319"},"modified":"2026-09-04T22:01:43","modified_gmt":"2026-09-04T20:01:43","slug":"inaczej-czyli-dostepny-teatr-dla-dzieci-w-muzeum-mocak","status":"publish","type":"post","link":"https:\/\/fundacjakinematograf.pl\/index.php\/2026\/09\/04\/inaczej-czyli-dostepny-teatr-dla-dzieci-w-muzeum-mocak\/","title":{"rendered":"\u201eInaczej\u201d \u00a0czyli dost\u0119pny teatr dla dzieci w muzeum \u00a0MOCAK"},"content":{"rendered":"\n<p class=\"wp-block-paragraph\">Fundacja Kinematograf i Muzeum Sztuki Wsp\u00f3\u0142czesnej w Krakowie MOCAK serdecznie zapraszaj\u0105 na dost\u0119pny spektakl dla dzieci \u201eInaczej\u201d oraz warsztaty po spektaklu.<\/p>\n\n\n\n<p class=\"wp-block-paragraph\">KIEDY: &nbsp;24 wrze\u015bnia 2026 r. (czwartek) godzina 11:30<\/p>\n\n\n\n<p class=\"wp-block-paragraph\">GDZIE: Muzeum Sztuki Wsp\u00f3\u0142czesnej w Krakowie MOCAK, ul. Lipowa 4<\/p>\n\n\n\n<p class=\"wp-block-paragraph\">DLA KOGO: Spektakl dla dzieci od 6. roku \u017cycia oraz towarzysz\u0105cych im os\u00f3b doros\u0142ych<\/p>\n\n\n\n<figure class=\"wp-block-image size-large\"><img loading=\"lazy\" decoding=\"async\" width=\"1024\" height=\"576\" src=\"https:\/\/fundacjakinematograf.pl\/wp-content\/uploads\/2026\/09\/Baner-MOCAK-1024x576.jpg\" alt=\"Plakat wydarzenia, po lewej niebieski obrazek z graficznymi przedstawieniami r\u00f3\u017cnych urz\u0105dze\u0144 do patrzenia, czyli rurki zako\u0144czone oczkami oraz kilka liter. Po prawej informacje o wydarzeniu. Poni\u017cej piktogramy dost\u0119pno\u015bci, audiodeskrypcji, t\u0142umaczenia na j\u0119zyk migowy oraz dost\u0119pno\u015bci architektonicznej. Ni\u017cej logotypy organizator\u00f3w: Fundacji Kinematograf, Muzeum Sztuki Wsp\u00f3\u0142czesnej MOCAK, Teatru Figur Krak\u00f3w oraz informacja o dofinansowaniu Ministerstwa Kultury i Dziedzictwa Narodowego, logo Ministerstwa i Kultury Dost\u0119pnej. \" class=\"wp-image-320\" srcset=\"https:\/\/fundacjakinematograf.pl\/wp-content\/uploads\/2026\/09\/Baner-MOCAK-1024x576.jpg 1024w, https:\/\/fundacjakinematograf.pl\/wp-content\/uploads\/2026\/09\/Baner-MOCAK-300x169.jpg 300w, https:\/\/fundacjakinematograf.pl\/wp-content\/uploads\/2026\/09\/Baner-MOCAK-768x432.jpg 768w, https:\/\/fundacjakinematograf.pl\/wp-content\/uploads\/2026\/09\/Baner-MOCAK-1536x864.jpg 1536w, https:\/\/fundacjakinematograf.pl\/wp-content\/uploads\/2026\/09\/Baner-MOCAK-1568x882.jpg 1568w, https:\/\/fundacjakinematograf.pl\/wp-content\/uploads\/2026\/09\/Baner-MOCAK.jpg 1920w\" sizes=\"auto, (max-width: 1024px) 100vw, 1024px\" \/><\/figure>\n\n\n\n<p class=\"wp-block-paragraph\">Spektakl \u201eInaczej\u201d przygotowa\u0142y razem Muzeum Sztuki Wsp\u00f3\u0142czesnej w Krakowie MOCAK i Teatr Figur Krak\u00f3w. Inspiracj\u0105 do jego powstania by\u0142a sztuka wsp\u00f3\u0142czesna.<\/p>\n\n\n\n<p class=\"wp-block-paragraph\">W czasie przedstawienia zobaczymy dzie\u0142a sztuki w niezwyk\u0142ej, teatralnej przestrzeni. B\u0119dziemy mogli je poznawa\u0107 za pomoc\u0105 r\u00f3\u017cnych zmys\u0142\u00f3w.<\/p>\n\n\n\n<p class=\"wp-block-paragraph\">Zapraszamy na ekspedycj\u0119 badawcz\u0105 do \u015bwiata wyobra\u017ani. Razem z&nbsp;grup\u0105 naukowczy\u0144 zab\u0142\u0105dzimy w&nbsp;labiryncie, spotkamy w&nbsp;lesie tajemnicz\u0105 Pramatk\u0119, ruszymy tropem Kr\u00f3lika Metalowca, a&nbsp;tak\u017ce poznamy mieszkanki Lombardu Liter.<\/p>\n\n\n\n<p class=\"wp-block-paragraph\">Po spektaklu zapraszamy na warsztaty.<\/p>\n\n\n\n<p class=\"wp-block-paragraph\">Warsztaty b\u0119d\u0105 dost\u0119pne tak\u017ce dla os\u00f3b z niepe\u0142nosprawno\u015bci\u0105 wzroku oraz dla os\u00f3b u\u017cywaj\u0105cych j\u0119zyka migowego. Dla ka\u017cdej z tych grup przygotujemy osobne zaj\u0119cia.<\/p>\n\n\n\n<h2 class=\"wp-block-heading\">Dost\u0119pno\u015b\u0107<\/h2>\n\n\n\n<ul class=\"wp-block-list\">\n<li>audiodeskrypcja,<\/li>\n\n\n\n<li>mo\u017cliwo\u015b\u0107 poznania sceny z bliska przed spektaklem,<\/li>\n\n\n\n<li>artystyczne t\u0142umaczenie na  j\u0119zyk migowy spektaklu,<\/li>\n\n\n\n<li>t\u0142umaczenie na j\u0119zyk migowy podczas warsztat\u00f3w,<\/li>\n\n\n\n<li>budynek jest dost\u0119pny architektonicznie.<\/li>\n<\/ul>\n\n\n\n<blockquote class=\"wp-block-quote is-layout-flow wp-block-quote-is-layout-flow\">\n<p class=\"wp-block-paragraph\">Dofinansowano ze \u015brodk\u00f3w Ministra Kultury i Dziedzictwa Narodowego pochodz\u0105cych z Funduszu Promocji Kultury &#8211; pa\u0144stwowego funduszu celowego<\/p>\n<\/blockquote>\n\n\n\n<figure class=\"wp-block-image size-large\"><img loading=\"lazy\" decoding=\"async\" width=\"1024\" height=\"409\" src=\"https:\/\/fundacjakinematograf.pl\/wp-content\/uploads\/2026\/07\/dotacja-MKiDN_KD_WWW_poziom_cmyk-1024x409.jpg\" alt=\"\" class=\"wp-image-304\" srcset=\"https:\/\/fundacjakinematograf.pl\/wp-content\/uploads\/2026\/07\/dotacja-MKiDN_KD_WWW_poziom_cmyk-1024x409.jpg 1024w, https:\/\/fundacjakinematograf.pl\/wp-content\/uploads\/2026\/07\/dotacja-MKiDN_KD_WWW_poziom_cmyk-300x120.jpg 300w, https:\/\/fundacjakinematograf.pl\/wp-content\/uploads\/2026\/07\/dotacja-MKiDN_KD_WWW_poziom_cmyk-768x307.jpg 768w, https:\/\/fundacjakinematograf.pl\/wp-content\/uploads\/2026\/07\/dotacja-MKiDN_KD_WWW_poziom_cmyk-1536x613.jpg 1536w, https:\/\/fundacjakinematograf.pl\/wp-content\/uploads\/2026\/07\/dotacja-MKiDN_KD_WWW_poziom_cmyk-2048x817.jpg 2048w, https:\/\/fundacjakinematograf.pl\/wp-content\/uploads\/2026\/07\/dotacja-MKiDN_KD_WWW_poziom_cmyk-1568x626.jpg 1568w\" sizes=\"auto, (max-width: 1024px) 100vw, 1024px\" \/><\/figure>\n","protected":false},"excerpt":{"rendered":"<p>Fundacja Kinematograf i Muzeum Sztuki Wsp\u00f3\u0142czesnej w Krakowie MOCAK serdecznie zapraszaj\u0105 na dost\u0119pny spektakl dla dzieci \u201eInaczej\u201d oraz warsztaty po spektaklu. KIEDY: &nbsp;24 wrze\u015bnia 2026 r. (czwartek) godzina 11:30 GDZIE: Muzeum Sztuki Wsp\u00f3\u0142czesnej w Krakowie MOCAK, ul. Lipowa 4 DLA KOGO: Spektakl dla dzieci od 6. roku \u017cycia oraz towarzysz\u0105cych im os\u00f3b doros\u0142ych Spektakl \u201eInaczej\u201d<a class=\"more-link\" href=\"https:\/\/fundacjakinematograf.pl\/index.php\/2026\/09\/04\/inaczej-czyli-dostepny-teatr-dla-dzieci-w-muzeum-mocak\/\">Continue reading <span class=\"screen-reader-text\">&#8222;\u201eInaczej\u201d \u00a0czyli dost\u0119pny teatr dla dzieci w muzeum \u00a0MOCAK&#8221;<\/span><\/a><\/p>\n","protected":false},"author":2,"featured_media":0,"comment_status":"closed","ping_status":"open","sticky":false,"template":"","format":"standard","meta":{"activitypub_content_warning":"","activitypub_content_visibility":"","footnotes":""},"categories":[23,17],"tags":[18,15,19,28],"class_list":["post-319","post","type-post","status-publish","format-standard","hentry","category-audiodeskrypcje","category-zaproszenia","tag-audiodeskrypcja","tag-dostepnosc-architektoniczna","tag-polski-jezyk-migowy","tag-teatr-dostepny","entry"],"_links":{"self":[{"href":"https:\/\/fundacjakinematograf.pl\/index.php\/wp-json\/wp\/v2\/posts\/319","targetHints":{"allow":["GET"]}}],"collection":[{"href":"https:\/\/fundacjakinematograf.pl\/index.php\/wp-json\/wp\/v2\/posts"}],"about":[{"href":"https:\/\/fundacjakinematograf.pl\/index.php\/wp-json\/wp\/v2\/types\/post"}],"author":[{"embeddable":true,"href":"https:\/\/fundacjakinematograf.pl\/index.php\/wp-json\/wp\/v2\/users\/2"}],"replies":[{"embeddable":true,"href":"https:\/\/fundacjakinematograf.pl\/index.php\/wp-json\/wp\/v2\/comments?post=319"}],"version-history":[{"count":2,"href":"https:\/\/fundacjakinematograf.pl\/index.php\/wp-json\/wp\/v2\/posts\/319\/revisions"}],"predecessor-version":[{"id":325,"href":"https:\/\/fundacjakinematograf.pl\/index.php\/wp-json\/wp\/v2\/posts\/319\/revisions\/325"}],"wp:attachment":[{"href":"https:\/\/fundacjakinematograf.pl\/index.php\/wp-json\/wp\/v2\/media?parent=319"}],"wp:term":[{"taxonomy":"category","embeddable":true,"href":"https:\/\/fundacjakinematograf.pl\/index.php\/wp-json\/wp\/v2\/categories?post=319"},{"taxonomy":"post_tag","embeddable":true,"href":"https:\/\/fundacjakinematograf.pl\/index.php\/wp-json\/wp\/v2\/tags?post=319"}],"curies":[{"name":"wp","href":"https:\/\/api.w.org\/{rel}","templated":true}]}}