{"id":52,"date":"2023-07-24T14:09:46","date_gmt":"2023-07-24T12:09:46","guid":{"rendered":"http:\/\/fundacjakinematograf.pl\/?p=52"},"modified":"2024-02-21T16:24:46","modified_gmt":"2024-02-21T15:24:46","slug":"co-jest-tam-na-gorze","status":"publish","type":"post","link":"https:\/\/fundacjakinematograf.pl\/index.php\/2023\/07\/24\/co-jest-tam-na-gorze\/","title":{"rendered":"Co jest tam na g\u00f3rze?"},"content":{"rendered":"\n<p>Przedstawiamy film nakr\u0119cony w maju 2022 roku. Jest w nim historia Julki i jej rodzic\u00f3w, kt\u00f3rzy rozpocz\u0119li walk\u0119 o wybudowanie windy w szkole podstawowej, do kt\u00f3rej chodzi Julia.<\/p>\n\n\n\n<p>Film z napisami<\/p>\n\n\n\n<figure class=\"wp-block-embed is-type-video is-provider-vimeo wp-block-embed-vimeo wp-embed-aspect-16-9 wp-has-aspect-ratio\"><div class=\"wp-block-embed__wrapper\">\n<iframe loading=\"lazy\" title=\"Co jest tam na g\u00f3rze\" src=\"https:\/\/player.vimeo.com\/video\/889025677?dnt=1&amp;app_id=122963\" width=\"750\" height=\"422\" frameborder=\"0\" allow=\"autoplay; fullscreen; picture-in-picture\"><\/iframe>\n<\/div><\/figure>\n","protected":false},"excerpt":{"rendered":"<p>Ustawa o zapewnianiu dost\u0119pno\u015bci osobom ze szczeg\u00f3lnymi potrzebami daje mo\u017cliwo\u015b\u0107 wnioskowania o zapewnienie dost\u0119pno\u015bci, a potem z\u0142o\u017cenia skargi. Obejrzyj film o pierwszej takiej skardze w Polsce.<\/p>\n","protected":false},"author":3,"featured_media":0,"comment_status":"closed","ping_status":"open","sticky":false,"template":"","format":"standard","meta":{"activitypub_content_warning":"","activitypub_content_visibility":"","footnotes":""},"categories":[12],"tags":[15,13,14],"class_list":["post-52","post","type-post","status-publish","format-standard","hentry","category-filmy","tag-dostepnosc-architektoniczna","tag-film","tag-prawo","entry"],"_links":{"self":[{"href":"https:\/\/fundacjakinematograf.pl\/index.php\/wp-json\/wp\/v2\/posts\/52","targetHints":{"allow":["GET"]}}],"collection":[{"href":"https:\/\/fundacjakinematograf.pl\/index.php\/wp-json\/wp\/v2\/posts"}],"about":[{"href":"https:\/\/fundacjakinematograf.pl\/index.php\/wp-json\/wp\/v2\/types\/post"}],"author":[{"embeddable":true,"href":"https:\/\/fundacjakinematograf.pl\/index.php\/wp-json\/wp\/v2\/users\/3"}],"replies":[{"embeddable":true,"href":"https:\/\/fundacjakinematograf.pl\/index.php\/wp-json\/wp\/v2\/comments?post=52"}],"version-history":[{"count":3,"href":"https:\/\/fundacjakinematograf.pl\/index.php\/wp-json\/wp\/v2\/posts\/52\/revisions"}],"predecessor-version":[{"id":139,"href":"https:\/\/fundacjakinematograf.pl\/index.php\/wp-json\/wp\/v2\/posts\/52\/revisions\/139"}],"wp:attachment":[{"href":"https:\/\/fundacjakinematograf.pl\/index.php\/wp-json\/wp\/v2\/media?parent=52"}],"wp:term":[{"taxonomy":"category","embeddable":true,"href":"https:\/\/fundacjakinematograf.pl\/index.php\/wp-json\/wp\/v2\/categories?post=52"},{"taxonomy":"post_tag","embeddable":true,"href":"https:\/\/fundacjakinematograf.pl\/index.php\/wp-json\/wp\/v2\/tags?post=52"}],"curies":[{"name":"wp","href":"https:\/\/api.w.org\/{rel}","templated":true}]}}