{"id":58,"date":"2023-08-03T09:54:55","date_gmt":"2023-08-03T07:54:55","guid":{"rendered":"http:\/\/fundacjakinematograf.pl\/?p=58"},"modified":"2023-11-23T09:41:11","modified_gmt":"2023-11-23T08:41:11","slug":"lustro-historii","status":"publish","type":"post","link":"https:\/\/fundacjakinematograf.pl\/index.php\/2023\/08\/03\/lustro-historii\/","title":{"rendered":"LUSTRO HISTORII"},"content":{"rendered":"\n<p>Fundacja Kinematograf i Centrum Kultury Sportu i Promocji w Rabce-Zdroju zapraszaj\u0105 na imprez\u0119 plenerow\u0105 <strong>LUSTRO HISTORII <\/strong>15 sierpnia 2023 r. do Amfiteatru w Rabce-Zdroju, ul. Chopina 17. Od godz. 14.00 do 20.00 b\u0119dzie mo\u017cna sp\u0119dzi\u0107 czas w atmosferze sprzed 100 lat.<\/p>\n\n\n\n<p>15 sierpnia 1920 r. odby\u0142a si\u0119 Bitwa Warszawska. W 1923 r. wybrano t\u0119 dat\u0119 na \u015awi\u0119to \u017bo\u0142nierza i obchodzono je do ko\u0144ca II wojny \u015bwiatowej. Wprawdzie nigdy nie zosta\u0142o oficjalnie zniesione, ale w czasach PRL-u chciano wymaza\u0107 go z pami\u0119ci spo\u0142ecznej. Zosta\u0142o przywr\u00f3cone w 1992 r. jako \u015bwi\u0119to Wojska Polskiego.<\/p>\n\n\n\n<figure class=\"wp-block-image size-large\"><img decoding=\"async\" src=\"http:\/\/fundacjakinematograf.pl\/wp-content\/uploads\/2023\/08\/plakat_A3_lustro-historii-727x1024.jpg\" alt=\"\" class=\"wp-image-59\"\/><\/figure>\n\n\n\n<p>Bitwa Warszawska przes\u0105dzi\u0142a nie tylko o losie m\u0142odego pa\u0144stwa polskiego. Zwyci\u0119stwo polskiego wojska uchroni\u0142o przed zniszczeniem kultur\u0119 i warto\u015bci tamtych czas\u00f3w.&nbsp; Ocalony \u015bwiat przetrwa\u0142 \u0107wier\u0107 wieku, a dzi\u015b budzi sentyment, zainteresowanie i podziw. Zapraszamy do zajrzenia do tamtej epoki jak w lustrze.&nbsp;<\/p>\n\n\n\n<p>Podczas imprezy zostan\u0105 zaprezentowane historyczne detale pi\u0119knej epoki lat 20., 30. I 40. XX w. Cz\u0142onkowie grup rekonstrukcji historycznych poka\u017c\u0105 stroje cywilne i wojskowe. Mo\u017cna b\u0119dzie tak\u017ce zobaczy\u0107 i dotkn\u0105\u0107 wielu zabytkowych przedmiot\u00f3w, jak rowery \u2013 cywilne i wojskowe, meble, przedmioty codziennego u\u017cytku oraz akcesoria z zak\u0142adu fryzjerskiego. Nie zabraknie atrakcji dla du\u017cych i ma\u0142ych, b\u0119d\u0105 specjalne zabawy dla dzieci, mo\u017cliwo\u015b\u0107 skorzystania z bufetu itp. Imprez\u0119 zako\u0144czy koncert krakowskiej artystki Magdy Bo\u017cyk z Zespo\u0142em, \u015bpiewaj\u0105cej autorski repertuar w klimacie jazzowym.<\/p>\n\n\n\n<p>Wst\u0119p wolny<\/p>\n\n\n\n<h2 class=\"wp-block-heading\">Program:<\/h2>\n\n\n\n<ul class=\"wp-block-list\">\n<li><strong>Wystawa rower\u00f3w zabytkowych z lat 20. 30. i 40. XX wieku<\/strong> \u2013 Stowarzyszenie Rowery Zabytkowe Zabrze (z audiodeskrypcj\u0105)<\/li>\n\n\n\n<li><strong>Prezentacja umundurowania kawalerii z lat 1935-39<\/strong> \u2013 Szwadron Toporzysko <br>w barwach Pu\u0142ku 3 Strzelc\u00f3w Konnych im. Hetmana Polnego Koronnego Stefana Czarneckiego<\/li>\n\n\n\n<li><strong>Prezentacja mody z lat 30. i 40. <\/strong>\u2013 Stowarzyszenie Rowery Zabytkowe Zabrze<\/li>\n\n\n\n<li><strong>Wystawa zak\u0142adu fryzjerskiego z dawnych lat<\/strong> \u2013 kolekcja rabcza\u0144skiego pasjonata Jana Zachary<\/li>\n\n\n\n<li><strong>K\u0105cik retro gier i zabaw dla dzieci<\/strong> \u2013 Stowarzyszenie Rowery Zabytkowe Zabrze<\/li>\n\n\n\n<li><strong>16.00 Pokaz mody historycznej<\/strong> &nbsp;(z t\u0142umaczeniem na polski j\u0119zyk migowy)<\/li>\n\n\n\n<li><strong>18.30 Koncert Magdy Bo\u017cyk z Zespo\u0142em<\/strong><\/li>\n\n\n\n<li><strong>Podczas imprezy mo\u017cna b\u0119dzie skorzysta\u0107 z regionalnego bufetu Wiktora Zachwiei <\/strong>(baran pieczony na ro\u017cnie, wojskowa groch\u00f3wka itp.)<\/li>\n<\/ul>\n\n\n\n<h2 class=\"wp-block-heading\">Dost\u0119pno\u015b\u0107 imprezy<\/h2>\n\n\n\n<ul class=\"wp-block-list\">\n<li>Okoliczne parkingi maj\u0105 miejsca dla os\u00f3b z niepe\u0142nosprawno\u015bciami. Wej\u015bcia i teren amfiteatru s\u0105 dost\u0119pne dla w\u00f3zk\u00f3w, tak\u017ce toaleta.<\/li>\n\n\n\n<li>Wszystkie obiekty i ubrania mo\u017cna poznawa\u0107 dotykowo. Opisy na wystawie zabytkowych rower\u00f3w opatrzone s\u0105 QR kodami, przez kt\u00f3re mo\u017cna wys\u0142ucha\u0107 audiodeskrypcji.<\/li>\n\n\n\n<li>Zapowiedzi i opisy do pokazu mody b\u0119d\u0105 t\u0142umaczone na polski j\u0119zyk migowy, t\u0142umacz b\u0119dzie do dyspozycji Go\u015bci tak\u017ce w rozmowach poza scen\u0105.<\/li>\n<\/ul>\n\n\n\n<figure class=\"wp-block-image size-large\"><img loading=\"lazy\" decoding=\"async\" width=\"1024\" height=\"539\" src=\"http:\/\/fundacjakinematograf.pl\/wp-content\/uploads\/2023\/08\/MAPA3_CKSiP_strzalki_cr-1024x539.jpg\" alt=\"\" class=\"wp-image-61\" srcset=\"https:\/\/fundacjakinematograf.pl\/wp-content\/uploads\/2023\/08\/MAPA3_CKSiP_strzalki_cr-1024x539.jpg 1024w, https:\/\/fundacjakinematograf.pl\/wp-content\/uploads\/2023\/08\/MAPA3_CKSiP_strzalki_cr-300x158.jpg 300w, https:\/\/fundacjakinematograf.pl\/wp-content\/uploads\/2023\/08\/MAPA3_CKSiP_strzalki_cr-768x404.jpg 768w, https:\/\/fundacjakinematograf.pl\/wp-content\/uploads\/2023\/08\/MAPA3_CKSiP_strzalki_cr-1536x808.jpg 1536w, https:\/\/fundacjakinematograf.pl\/wp-content\/uploads\/2023\/08\/MAPA3_CKSiP_strzalki_cr-2048x1077.jpg 2048w, https:\/\/fundacjakinematograf.pl\/wp-content\/uploads\/2023\/08\/MAPA3_CKSiP_strzalki_cr-1568x825.jpg 1568w\" sizes=\"auto, (max-width: 1024px) 100vw, 1024px\" \/><figcaption class=\"wp-element-caption\">Mapa okolic amfiteatru<\/figcaption><\/figure>\n\n\n\n<h2 class=\"wp-block-heading\">Zapraszamy do kontaktu: TEL\/SMS 609 10 77 88.<\/h2>\n","protected":false},"excerpt":{"rendered":"<p>Fundacja Kinematograf i Centrum Kultury Sportu i Promocji w Rabce-Zdroju zapraszaj\u0105 na imprez\u0119 plenerow\u0105 LUSTRO HISTORII 15 sierpnia 2023 r. do Amfiteatru w Rabce-Zdroju, ul. Chopina 17. Od godz. 14.00 do 20.00 b\u0119dzie mo\u017cna sp\u0119dzi\u0107 czas w atmosferze sprzed 100 lat.<\/p>\n","protected":false},"author":2,"featured_media":0,"comment_status":"closed","ping_status":"open","sticky":false,"template":"","format":"standard","meta":{"activitypub_content_warning":"","activitypub_content_visibility":"","footnotes":""},"categories":[17],"tags":[18,15,19],"class_list":["post-58","post","type-post","status-publish","format-standard","hentry","category-zaproszenia","tag-audiodeskrypcja","tag-dostepnosc-architektoniczna","tag-polski-jezyk-migowy","entry"],"_links":{"self":[{"href":"https:\/\/fundacjakinematograf.pl\/index.php\/wp-json\/wp\/v2\/posts\/58","targetHints":{"allow":["GET"]}}],"collection":[{"href":"https:\/\/fundacjakinematograf.pl\/index.php\/wp-json\/wp\/v2\/posts"}],"about":[{"href":"https:\/\/fundacjakinematograf.pl\/index.php\/wp-json\/wp\/v2\/types\/post"}],"author":[{"embeddable":true,"href":"https:\/\/fundacjakinematograf.pl\/index.php\/wp-json\/wp\/v2\/users\/2"}],"replies":[{"embeddable":true,"href":"https:\/\/fundacjakinematograf.pl\/index.php\/wp-json\/wp\/v2\/comments?post=58"}],"version-history":[{"count":9,"href":"https:\/\/fundacjakinematograf.pl\/index.php\/wp-json\/wp\/v2\/posts\/58\/revisions"}],"predecessor-version":[{"id":125,"href":"https:\/\/fundacjakinematograf.pl\/index.php\/wp-json\/wp\/v2\/posts\/58\/revisions\/125"}],"wp:attachment":[{"href":"https:\/\/fundacjakinematograf.pl\/index.php\/wp-json\/wp\/v2\/media?parent=58"}],"wp:term":[{"taxonomy":"category","embeddable":true,"href":"https:\/\/fundacjakinematograf.pl\/index.php\/wp-json\/wp\/v2\/categories?post=58"},{"taxonomy":"post_tag","embeddable":true,"href":"https:\/\/fundacjakinematograf.pl\/index.php\/wp-json\/wp\/v2\/tags?post=58"}],"curies":[{"name":"wp","href":"https:\/\/api.w.org\/{rel}","templated":true}]}}